{"id":3631,"date":"2021-04-25T09:22:29","date_gmt":"2021-04-25T13:22:29","guid":{"rendered":"https:\/\/angelalangtry.ca\/quels-quartiers-a-montreal-ont-interdit-lusage-des-foyers-au-bois\/"},"modified":"2026-03-13T12:34:00","modified_gmt":"2026-03-13T16:34:00","slug":"quels-quartiers-a-montreal-ont-interdit-lusage-des-foyers-au-bois","status":"publish","type":"post","link":"https:\/\/angelalangtry.ca\/fr\/quels-quartiers-a-montreal-ont-interdit-lusage-des-foyers-au-bois\/","title":{"rendered":"Quels Quartiers \u00e0 Montr\u00e9al ont Interdit L&rsquo;Usage des Foyers au Bois"},"content":{"rendered":"\t\t<div data-elementor-type=\"wp-post\" data-elementor-id=\"3631\" class=\"elementor elementor-3631 elementor-3469\" data-elementor-post-type=\"post\">\n\t\t\t\t\t\t<section class=\"elementor-section elementor-top-section elementor-element elementor-element-10ea7c91 elementor-section-boxed elementor-section-height-default elementor-section-height-default\" data-id=\"10ea7c91\" data-element_type=\"section\" data-e-type=\"section\">\n\t\t\t\t\t\t<div class=\"elementor-container elementor-column-gap-default\">\n\t\t\t\t\t<div class=\"elementor-column elementor-col-100 elementor-top-column elementor-element elementor-element-5a72c57f\" data-id=\"5a72c57f\" data-element_type=\"column\" data-e-type=\"column\">\n\t\t\t<div class=\"elementor-widget-wrap elementor-element-populated\">\n\t\t\t\t\t\t<div class=\"elementor-element elementor-element-78a8ec2 elementor-widget elementor-widget-heading\" data-id=\"78a8ec2\" data-element_type=\"widget\" data-e-type=\"widget\" data-widget_type=\"heading.default\">\n\t\t\t\t<div class=\"elementor-widget-container\">\n\t\t\t\t\t<h1 class=\"elementor-heading-title elementor-size-default\">Quels Quartiers \u00e0 Montr\u00e9al ont Interdit L'Usage des Foyers au Bois?<\/h1>\t\t\t\t<\/div>\n\t\t\t\t<\/div>\n\t\t\t\t<div class=\"elementor-element elementor-element-4c9230e elementor-widget-divider--view-line elementor-widget elementor-widget-divider\" data-id=\"4c9230e\" data-element_type=\"widget\" data-e-type=\"widget\" data-widget_type=\"divider.default\">\n\t\t\t\t<div class=\"elementor-widget-container\">\n\t\t\t\t\t\t\t<div class=\"elementor-divider\">\n\t\t\t<span class=\"elementor-divider-separator\">\n\t\t\t\t\t\t<\/span>\n\t\t<\/div>\n\t\t\t\t\t\t<\/div>\n\t\t\t\t<\/div>\n\t\t\t\t<div class=\"elementor-element elementor-element-bccb674 elementor-widget elementor-widget-text-editor\" data-id=\"bccb674\" data-element_type=\"widget\" data-e-type=\"widget\" data-widget_type=\"text-editor.default\">\n\t\t\t\t<div class=\"elementor-widget-container\">\n\t\t\t\t\t\t\t\t\t<p><a href=\"https:\/\/angelalangtry.ca\/fr\/\">Team Angela Langtry | Real Estate Montreal<\/a> par Angela Langtry<\/p>\n\t\t\t\t\t\t\t\t<\/div>\n\t\t\t\t<\/div>\n\t\t\t\t<div class=\"elementor-element elementor-element-3dce714 elementor-widget elementor-widget-text-editor\" data-id=\"3dce714\" data-element_type=\"widget\" data-e-type=\"widget\" data-widget_type=\"text-editor.default\">\n\t\t\t\t<div class=\"elementor-widget-container\">\n\t\t\t\t\t\t\t\t\t<p>Le 1er octobre 2018, la ville de Montr\u00e9al a mis en place un nouveau r\u00e8glement a propos des chemin\u00e9es \u00e0 bois. Pourquoi, vous pourriez demander? Parce que la combustion du bois cr\u00e9e deuxi\u00e8me plus grande quantit\u00e9 de pollution par les particules fines (39%) apr\u00e8s les \u00e9missions des v\u00e9hicules (45%).<br \/>\nD\u00e9sormais, si vous souhaitez vous installer au coin du feu dans les 19 arrondissements ci-dessous, soit vous aurez besoin d&rsquo;un foyer qui conforme aux nouvelles r\u00e9glementations d&rsquo;un maximum taux d&rsquo;\u00e9missions de 2,5 grammes par heure, ou, avoir un propane, du gaz naturel ou po\u00eale \/ chemin\u00e9e au pastille (Ils ne sont pas affect\u00e9s par le r\u00e8glement.) Vous pouvez savoir si votre chemin\u00e9e r\u00e9pond \u00e0 l&rsquo;exigence de 2,5 grammes par heure en la recherchant sur ces listes fournies par l&rsquo;EPA ou le CSA. Si votre po\u00eale a \u00e9t\u00e9 install\u00e9 avant 2009, il n&rsquo;est probablement pas conforme.<br \/>\nSi votre foyer n&rsquo;est pas conforme \u00e0 la nouvelle r\u00e9glementation, vous avez le choix entre soit:<br \/>\n1. Ne pas l&rsquo;utiliser (sauf en cas de panne de courant de plus de 3 heures, auquel cas vous pouvez utiliser jusqu&rsquo;\u00e0 ce que le courant soit r\u00e9tabli.)<br \/>\n2. Le remplacer par un nouveau foyer respectant la nouvelle r\u00e9glementation (dans lequel cas, vous pouvez obtenir un cr\u00e9dit d&rsquo;imp\u00f4t du gouvernement gr\u00e2ce \u00e0 un programme appel\u00e9 RenoVert).<br \/>\nEnfin, que votre foyer soit conforme ou non, vous devez le d\u00e9clarer \u00e0 la ville (sauf s&rsquo;il s&rsquo;agit d&rsquo;un po\u00eale \/ foyer au propane ou au gaz naturel.) Vous pouvez le faire en utilisant ce formulaire. Il convient \u00e9galement de noter que m\u00eame si vous disposez d&rsquo;un foyer conforme, vous ne pouvez pas l&rsquo;utiliser pendant un avertissement de smog.<br \/>\nLe nouveau r\u00e8glement entr\u00e9 en vigueur le 1er octobre 2018 touche le 19 Montr\u00e9al arrondissements de:<br \/>\n\u25cf Ahuntsic-Cartierville<br \/>\n\u25cf Anjou<br \/>\n\u25cf C\u00f4te-des-Neiges \u2013 Notre-Dame-de-Gr\u00e2ce<br \/>\n\u25cf Lachine<br \/>\n\u25cf LaSalle<br \/>\n\u25cf Le Plateau-Mont-Royal<br \/>\n\u25cf Le Sud-Ouest<br \/>\n\u25cf L\u2019\u00cele-Bizard \u2013 Sainte-Genevi\u00e8ve<br \/>\n\u25cf Mercier \u2013 Hochelaga-Maisonneuve<br \/>\n\u25cf Montr\u00e9al-Nord<br \/>\n\u25cf Outremont<\/p>\n\t\t\t\t\t\t\t\t<\/div>\n\t\t\t\t<\/div>\n\t\t\t\t<div class=\"elementor-element elementor-element-3301a36 elementor-widget elementor-widget-text-editor\" data-id=\"3301a36\" data-element_type=\"widget\" data-e-type=\"widget\" data-widget_type=\"text-editor.default\">\n\t\t\t\t<div class=\"elementor-widget-container\">\n\t\t\t\t\t\t\t\t\t<p>Si vous avez des questions et souhaitez en savoir plus sur le march\u00e9 immobilier actuel, vous pouvez nous joindre \u00e0 tout moment \u00e0:<\/p>\n<p>514-781-2121<br \/>\ninfo@angelalangtry.ca<\/p>\n\t\t\t\t\t\t\t\t<\/div>\n\t\t\t\t<\/div>\n\t\t\t\t\t<\/div>\n\t\t<\/div>\n\t\t\t\t\t<\/div>\n\t\t<\/section>\n\t\t\t\t<\/div>\n\t\t","protected":false},"excerpt":{"rendered":"<p>Quels Quartiers \u00e0 Montr\u00e9al ont Interdit L&rsquo;Usage des Foyers au Bois? Team Angela Langtry | Real Estate Montreal par Angela Langtry Le 1er octobre 2018, la ville de Montr\u00e9al a mis en place un nouveau r\u00e8glement a propos des chemin\u00e9es \u00e0 bois. Pourquoi, vous pourriez demander? Parce que la combustion du bois cr\u00e9e deuxi\u00e8me plus [&hellip;]<\/p>\n","protected":false},"author":2,"featured_media":3496,"comment_status":"open","ping_status":"open","sticky":false,"template":"","format":"standard","meta":{"_monsterinsights_skip_tracking":false,"_monsterinsights_sitenote_active":false,"_monsterinsights_sitenote_note":"","_monsterinsights_sitenote_category":0,"footnotes":""},"categories":[1],"tags":[],"class_list":["post-3631","post","type-post","status-publish","format-standard","has-post-thumbnail","hentry","category-uncategorized"],"_links":{"self":[{"href":"https:\/\/angelalangtry.ca\/fr\/wp-json\/wp\/v2\/posts\/3631","targetHints":{"allow":["GET"]}}],"collection":[{"href":"https:\/\/angelalangtry.ca\/fr\/wp-json\/wp\/v2\/posts"}],"about":[{"href":"https:\/\/angelalangtry.ca\/fr\/wp-json\/wp\/v2\/types\/post"}],"author":[{"embeddable":true,"href":"https:\/\/angelalangtry.ca\/fr\/wp-json\/wp\/v2\/users\/2"}],"replies":[{"embeddable":true,"href":"https:\/\/angelalangtry.ca\/fr\/wp-json\/wp\/v2\/comments?post=3631"}],"version-history":[{"count":1,"href":"https:\/\/angelalangtry.ca\/fr\/wp-json\/wp\/v2\/posts\/3631\/revisions"}],"predecessor-version":[{"id":7568,"href":"https:\/\/angelalangtry.ca\/fr\/wp-json\/wp\/v2\/posts\/3631\/revisions\/7568"}],"wp:featuredmedia":[{"embeddable":true,"href":"https:\/\/angelalangtry.ca\/fr\/wp-json\/wp\/v2\/media\/3496"}],"wp:attachment":[{"href":"https:\/\/angelalangtry.ca\/fr\/wp-json\/wp\/v2\/media?parent=3631"}],"wp:term":[{"taxonomy":"category","embeddable":true,"href":"https:\/\/angelalangtry.ca\/fr\/wp-json\/wp\/v2\/categories?post=3631"},{"taxonomy":"post_tag","embeddable":true,"href":"https:\/\/angelalangtry.ca\/fr\/wp-json\/wp\/v2\/tags?post=3631"}],"curies":[{"name":"wp","href":"https:\/\/api.w.org\/{rel}","templated":true}]}}